{"id":1133,"date":"2022-06-30T21:21:27","date_gmt":"2022-06-30T19:21:27","guid":{"rendered":"https:\/\/www.bardahl.it\/en\/?p=1133"},"modified":"2022-09-21T21:22:10","modified_gmt":"2022-09-21T19:22:10","slug":"bardahl-sul-podio-della-motogp-con-marco-bezzecchi","status":"publish","type":"post","link":"https:\/\/www.bardahl.it\/en\/moto\/bardahl-sul-podio-della-motogp-con-marco-bezzecchi\/","title":{"rendered":"Bardahl sul podio della MotoGP con Marco Bezzecchi"},"content":{"rendered":"<h2>Secondo posto per il rookie del Mooney VR46 Racing Team<\/h2>\n<p>Bardahl sul podio della MotoGP con Marco Bezzecchi, secondo classificato nel GP d\u2019Olanda sulla mitica pista di Assen. Il rookie del Mooney VR46 Racing Team \u00e8 salito per la prima volta sul podio nella top class evidenziando una crescita impressionante!<\/p>\n<p>Scattato dalla P4 dopo un&#8217;ottima sessione di qualifica, Marco tiene il contatto con i primissimi dopo il via e si porta al secondo posto dopo cinque giri. Capace di un ritmo di gara costante e preciso, \u00e8 secondo sotto la bandiera a scacchi, primo tra gli esordienti.<\/p>\n<p><em>&#8220;<\/em>\u00c8 fantastico! Sono partito abbastanza bene, non benissimo, per\u00f2 ho fatto bagarre per tornare su con Miller per non perdere terreno. Volevo stare con i primi, sentivo che potevo andare molto forte perch\u00e9 sono stato veloce in tutti i turni qui, una pista che mi piace moltissimo da sempre. Stavo poi per riprendere Quartararo ed Espargaro quando li ho visti toccarsi e la porta a quel punto era aperta. Mi sono detto: prova a recuperare su Pecco (Bagnaia ndr) e vediamo cosa salta fuori. Ho spinto forte e sono riuscito a distaccare chi avevo dietro. Ho cercato di gestire la gomma, anche se incredibilmente non mi \u00e8 servito molto perch\u00e9 avevo comunque buon grip e la gomma si \u00e8 comportata bene in tutto il run. Ho cercato di non commettere errori e quando ho tagliato il traguardo non ci volevo credere. Va oltre i miei sogni, tra l\u2019altro mi hanno dato la bandiera di Vale, \u00e8 stato incredibile, lo voglio salutare e gli mando un abbraccio enorme. Grazie di tutto, non sarei mai riuscito ad arrivare qui senza di lui, la mia Famiglia, l&#8217;Academy, tutta la mia squadra e sicuramente Ducati.<em>&#8221; Marco Bezzecchi<\/em><\/p>\n","protected":false},"excerpt":{"rendered":"<p>Secondo posto per il rookie del Mooney VR46 Racing Team Bardahl sul podio della MotoGP con Marco Bezzecchi, secondo classificato nel GP d\u2019Olanda sulla mitica pista di Assen. Il rookie del Mooney VR46 Racing Team \u00e8 salito per la prima volta sul podio nella top class evidenziando una crescita impressionante! Scattato dalla P4 dopo un&#8217;ottima&#8230;<\/p>\n","protected":false},"author":4,"featured_media":189,"comment_status":"open","ping_status":"open","sticky":false,"template":"","format":"standard","meta":{"inline_featured_image":false,"footnotes":""},"categories":[26],"tags":[],"class_list":["post-1133","post","type-post","status-publish","format-standard","has-post-thumbnail","hentry","category-moto"],"yoast_head":"<!-- This site is optimized with the Yoast SEO plugin v23.0 - https:\/\/yoast.com\/wordpress\/plugins\/seo\/ -->\n<title>Bardahl sul podio della MotoGP con Marco Bezzecchi | Bardahl Italia<\/title>\n<meta name=\"description\" content=\"Secondo posto per il rookie del Mooney VR46 Racing Team Bardahl sul podio della MotoGP con Marco Bezzecchi, secondo classificato nel GP d\u2019Olanda sulla\" \/>\n<meta name=\"robots\" content=\"index, follow, max-snippet:-1, max-image-preview:large, max-video-preview:-1\" \/>\n<link rel=\"canonical\" href=\"https:\/\/www.bardahl.it\/en\/moto\/bardahl-sul-podio-della-motogp-con-marco-bezzecchi\/\" \/>\n<meta property=\"og:locale\" content=\"it_IT\" \/>\n<meta property=\"og:type\" content=\"article\" \/>\n<meta property=\"og:title\" content=\"Bardahl sul podio della MotoGP con Marco Bezzecchi | Bardahl Italia\" \/>\n<meta property=\"og:description\" content=\"Secondo posto per il rookie del Mooney VR46 Racing Team Bardahl sul podio della MotoGP con Marco Bezzecchi, secondo classificato nel GP d\u2019Olanda sulla\" \/>\n<meta property=\"og:url\" content=\"https:\/\/www.bardahl.it\/en\/moto\/bardahl-sul-podio-della-motogp-con-marco-bezzecchi\/\" \/>\n<meta property=\"og:site_name\" content=\"Bardahl\" \/>\n<meta property=\"article:publisher\" content=\"https:\/\/it-it.facebook.com\/bardahlitalia\/\" \/>\n<meta property=\"article:published_time\" content=\"2022-06-30T19:21:27+00:00\" \/>\n<meta property=\"article:modified_time\" content=\"2022-09-21T19:22:10+00:00\" \/>\n<meta property=\"og:image\" content=\"https:\/\/www.bardahl.it\/en\/wp-content\/uploads\/2022\/09\/test-placeholder.jpg\" \/>\n\t<meta property=\"og:image:width\" content=\"1920\" \/>\n\t<meta property=\"og:image:height\" content=\"1440\" \/>\n\t<meta property=\"og:image:type\" content=\"image\/jpeg\" \/>\n<meta name=\"author\" content=\"Bardahl\" \/>\n<meta name=\"twitter:card\" content=\"summary_large_image\" \/>\n<script type=\"application\/ld+json\" class=\"yoast-schema-graph\">{\"@context\":\"https:\/\/schema.org\",\"@graph\":[{\"@type\":\"Article\",\"@id\":\"https:\/\/www.bardahl.it\/en\/moto\/bardahl-sul-podio-della-motogp-con-marco-bezzecchi\/#article\",\"isPartOf\":{\"@id\":\"https:\/\/www.bardahl.it\/en\/moto\/bardahl-sul-podio-della-motogp-con-marco-bezzecchi\/\"},\"author\":{\"name\":\"Bardahl\",\"@id\":\"https:\/\/www.bardahl.it\/en\/#\/schema\/person\/ce1fc8e3d071370711179a56ca075db2\"},\"headline\":\"Bardahl sul podio della MotoGP con Marco Bezzecchi\",\"datePublished\":\"2022-06-30T19:21:27+00:00\",\"dateModified\":\"2022-09-21T19:22:10+00:00\",\"mainEntityOfPage\":{\"@id\":\"https:\/\/www.bardahl.it\/en\/moto\/bardahl-sul-podio-della-motogp-con-marco-bezzecchi\/\"},\"wordCount\":294,\"commentCount\":0,\"publisher\":{\"@id\":\"https:\/\/www.bardahl.it\/en\/#organization\"},\"image\":{\"@id\":\"https:\/\/www.bardahl.it\/en\/moto\/bardahl-sul-podio-della-motogp-con-marco-bezzecchi\/#primaryimage\"},\"thumbnailUrl\":\"https:\/\/www.bardahl.it\/en\/wp-content\/uploads\/2022\/09\/test-placeholder.jpg\",\"articleSection\":[\"Moto\"],\"inLanguage\":\"it-IT\",\"potentialAction\":[{\"@type\":\"CommentAction\",\"name\":\"Comment\",\"target\":[\"https:\/\/www.bardahl.it\/en\/moto\/bardahl-sul-podio-della-motogp-con-marco-bezzecchi\/#respond\"]}]},{\"@type\":\"WebPage\",\"@id\":\"https:\/\/www.bardahl.it\/en\/moto\/bardahl-sul-podio-della-motogp-con-marco-bezzecchi\/\",\"url\":\"https:\/\/www.bardahl.it\/en\/moto\/bardahl-sul-podio-della-motogp-con-marco-bezzecchi\/\",\"name\":\"Bardahl sul podio della MotoGP con Marco Bezzecchi | Bardahl Italia\",\"isPartOf\":{\"@id\":\"https:\/\/www.bardahl.it\/en\/#website\"},\"primaryImageOfPage\":{\"@id\":\"https:\/\/www.bardahl.it\/en\/moto\/bardahl-sul-podio-della-motogp-con-marco-bezzecchi\/#primaryimage\"},\"image\":{\"@id\":\"https:\/\/www.bardahl.it\/en\/moto\/bardahl-sul-podio-della-motogp-con-marco-bezzecchi\/#primaryimage\"},\"thumbnailUrl\":\"https:\/\/www.bardahl.it\/en\/wp-content\/uploads\/2022\/09\/test-placeholder.jpg\",\"datePublished\":\"2022-06-30T19:21:27+00:00\",\"dateModified\":\"2022-09-21T19:22:10+00:00\",\"description\":\"Secondo posto per il rookie del Mooney VR46 Racing Team Bardahl sul podio della MotoGP con Marco Bezzecchi, secondo classificato nel GP d\u2019Olanda sulla\",\"breadcrumb\":{\"@id\":\"https:\/\/www.bardahl.it\/en\/moto\/bardahl-sul-podio-della-motogp-con-marco-bezzecchi\/#breadcrumb\"},\"inLanguage\":\"it-IT\",\"potentialAction\":[{\"@type\":\"ReadAction\",\"target\":[\"https:\/\/www.bardahl.it\/en\/moto\/bardahl-sul-podio-della-motogp-con-marco-bezzecchi\/\"]}]},{\"@type\":\"ImageObject\",\"inLanguage\":\"it-IT\",\"@id\":\"https:\/\/www.bardahl.it\/en\/moto\/bardahl-sul-podio-della-motogp-con-marco-bezzecchi\/#primaryimage\",\"url\":\"https:\/\/www.bardahl.it\/en\/wp-content\/uploads\/2022\/09\/test-placeholder.jpg\",\"contentUrl\":\"https:\/\/www.bardahl.it\/en\/wp-content\/uploads\/2022\/09\/test-placeholder.jpg\",\"width\":1920,\"height\":1440},{\"@type\":\"BreadcrumbList\",\"@id\":\"https:\/\/www.bardahl.it\/en\/moto\/bardahl-sul-podio-della-motogp-con-marco-bezzecchi\/#breadcrumb\",\"itemListElement\":[{\"@type\":\"ListItem\",\"position\":1,\"name\":\"Bardahl\",\"item\":\"https:\/\/www.bardahl.it\/en\/\"},{\"@type\":\"ListItem\",\"position\":2,\"name\":\"Bardahl sul podio della MotoGP con Marco Bezzecchi\"}]},{\"@type\":\"WebSite\",\"@id\":\"https:\/\/www.bardahl.it\/en\/#website\",\"url\":\"https:\/\/www.bardahl.it\/en\/\",\"name\":\"Bardahl\",\"description\":\"Lubricants and additives for cars, motorbikes, boats\",\"publisher\":{\"@id\":\"https:\/\/www.bardahl.it\/en\/#organization\"},\"alternateName\":\"Maroil Bardahl Italy\",\"potentialAction\":[{\"@type\":\"SearchAction\",\"target\":{\"@type\":\"EntryPoint\",\"urlTemplate\":\"https:\/\/www.bardahl.it\/en\/?s={search_term_string}\"},\"query-input\":\"required name=search_term_string\"}],\"inLanguage\":\"it-IT\"},{\"@type\":\"Organization\",\"@id\":\"https:\/\/www.bardahl.it\/en\/#organization\",\"name\":\"Bardahl Italy\",\"alternateName\":\"Bardahl Italy\",\"url\":\"https:\/\/www.bardahl.it\/en\/\",\"logo\":{\"@type\":\"ImageObject\",\"inLanguage\":\"it-IT\",\"@id\":\"https:\/\/www.bardahl.it\/en\/#\/schema\/logo\/image\/\",\"url\":\"https:\/\/www.bardahl.it\/en\/wp-content\/uploads\/2023\/01\/bardahl-logo-social-scaled.jpg\",\"contentUrl\":\"https:\/\/www.bardahl.it\/en\/wp-content\/uploads\/2023\/01\/bardahl-logo-social-scaled.jpg\",\"width\":2560,\"height\":2381,\"caption\":\"Bardahl Italy\"},\"image\":{\"@id\":\"https:\/\/www.bardahl.it\/en\/#\/schema\/logo\/image\/\"},\"sameAs\":[\"https:\/\/it-it.facebook.com\/bardahlitalia\/\",\"https:\/\/www.instagram.com\/bardahlitalia\/\"]},{\"@type\":\"Person\",\"@id\":\"https:\/\/www.bardahl.it\/en\/#\/schema\/person\/ce1fc8e3d071370711179a56ca075db2\",\"name\":\"Bardahl\",\"image\":{\"@type\":\"ImageObject\",\"inLanguage\":\"it-IT\",\"@id\":\"https:\/\/www.bardahl.it\/en\/#\/schema\/person\/image\/\",\"url\":\"https:\/\/secure.gravatar.com\/avatar\/5203842a6f123c9d5b4e8fd179cda51f22ade262a1b9ff03828a96bdacdac2d4?s=96&d=mm&r=g\",\"contentUrl\":\"https:\/\/secure.gravatar.com\/avatar\/5203842a6f123c9d5b4e8fd179cda51f22ade262a1b9ff03828a96bdacdac2d4?s=96&d=mm&r=g\",\"caption\":\"Bardahl\"},\"sameAs\":[\"https:\/\/www.bardahl.it\/en\"]}]}<\/script>\n<!-- \/ Yoast SEO plugin. -->","yoast_head_json":{"title":"Bardahl sul podio della MotoGP con Marco Bezzecchi | Bardahl Italia","description":"Secondo posto per il rookie del Mooney VR46 Racing Team Bardahl sul podio della MotoGP con Marco Bezzecchi, secondo classificato nel GP d\u2019Olanda sulla","robots":{"index":"index","follow":"follow","max-snippet":"max-snippet:-1","max-image-preview":"max-image-preview:large","max-video-preview":"max-video-preview:-1"},"canonical":"https:\/\/www.bardahl.it\/en\/moto\/bardahl-sul-podio-della-motogp-con-marco-bezzecchi\/","og_locale":"it_IT","og_type":"article","og_title":"Bardahl sul podio della MotoGP con Marco Bezzecchi | Bardahl Italia","og_description":"Secondo posto per il rookie del Mooney VR46 Racing Team Bardahl sul podio della MotoGP con Marco Bezzecchi, secondo classificato nel GP d\u2019Olanda sulla","og_url":"https:\/\/www.bardahl.it\/en\/moto\/bardahl-sul-podio-della-motogp-con-marco-bezzecchi\/","og_site_name":"Bardahl","article_publisher":"https:\/\/it-it.facebook.com\/bardahlitalia\/","article_published_time":"2022-06-30T19:21:27+00:00","article_modified_time":"2022-09-21T19:22:10+00:00","og_image":[{"width":1920,"height":1440,"url":"https:\/\/www.bardahl.it\/en\/wp-content\/uploads\/2022\/09\/test-placeholder.jpg","type":"image\/jpeg"}],"author":"Bardahl","twitter_card":"summary_large_image","schema":{"@context":"https:\/\/schema.org","@graph":[{"@type":"Article","@id":"https:\/\/www.bardahl.it\/en\/moto\/bardahl-sul-podio-della-motogp-con-marco-bezzecchi\/#article","isPartOf":{"@id":"https:\/\/www.bardahl.it\/en\/moto\/bardahl-sul-podio-della-motogp-con-marco-bezzecchi\/"},"author":{"name":"Bardahl","@id":"https:\/\/www.bardahl.it\/en\/#\/schema\/person\/ce1fc8e3d071370711179a56ca075db2"},"headline":"Bardahl sul podio della MotoGP con Marco Bezzecchi","datePublished":"2022-06-30T19:21:27+00:00","dateModified":"2022-09-21T19:22:10+00:00","mainEntityOfPage":{"@id":"https:\/\/www.bardahl.it\/en\/moto\/bardahl-sul-podio-della-motogp-con-marco-bezzecchi\/"},"wordCount":294,"commentCount":0,"publisher":{"@id":"https:\/\/www.bardahl.it\/en\/#organization"},"image":{"@id":"https:\/\/www.bardahl.it\/en\/moto\/bardahl-sul-podio-della-motogp-con-marco-bezzecchi\/#primaryimage"},"thumbnailUrl":"https:\/\/www.bardahl.it\/en\/wp-content\/uploads\/2022\/09\/test-placeholder.jpg","articleSection":["Moto"],"inLanguage":"it-IT","potentialAction":[{"@type":"CommentAction","name":"Comment","target":["https:\/\/www.bardahl.it\/en\/moto\/bardahl-sul-podio-della-motogp-con-marco-bezzecchi\/#respond"]}]},{"@type":"WebPage","@id":"https:\/\/www.bardahl.it\/en\/moto\/bardahl-sul-podio-della-motogp-con-marco-bezzecchi\/","url":"https:\/\/www.bardahl.it\/en\/moto\/bardahl-sul-podio-della-motogp-con-marco-bezzecchi\/","name":"Bardahl sul podio della MotoGP con Marco Bezzecchi | Bardahl Italia","isPartOf":{"@id":"https:\/\/www.bardahl.it\/en\/#website"},"primaryImageOfPage":{"@id":"https:\/\/www.bardahl.it\/en\/moto\/bardahl-sul-podio-della-motogp-con-marco-bezzecchi\/#primaryimage"},"image":{"@id":"https:\/\/www.bardahl.it\/en\/moto\/bardahl-sul-podio-della-motogp-con-marco-bezzecchi\/#primaryimage"},"thumbnailUrl":"https:\/\/www.bardahl.it\/en\/wp-content\/uploads\/2022\/09\/test-placeholder.jpg","datePublished":"2022-06-30T19:21:27+00:00","dateModified":"2022-09-21T19:22:10+00:00","description":"Secondo posto per il rookie del Mooney VR46 Racing Team Bardahl sul podio della MotoGP con Marco Bezzecchi, secondo classificato nel GP d\u2019Olanda sulla","breadcrumb":{"@id":"https:\/\/www.bardahl.it\/en\/moto\/bardahl-sul-podio-della-motogp-con-marco-bezzecchi\/#breadcrumb"},"inLanguage":"it-IT","potentialAction":[{"@type":"ReadAction","target":["https:\/\/www.bardahl.it\/en\/moto\/bardahl-sul-podio-della-motogp-con-marco-bezzecchi\/"]}]},{"@type":"ImageObject","inLanguage":"it-IT","@id":"https:\/\/www.bardahl.it\/en\/moto\/bardahl-sul-podio-della-motogp-con-marco-bezzecchi\/#primaryimage","url":"https:\/\/www.bardahl.it\/en\/wp-content\/uploads\/2022\/09\/test-placeholder.jpg","contentUrl":"https:\/\/www.bardahl.it\/en\/wp-content\/uploads\/2022\/09\/test-placeholder.jpg","width":1920,"height":1440},{"@type":"BreadcrumbList","@id":"https:\/\/www.bardahl.it\/en\/moto\/bardahl-sul-podio-della-motogp-con-marco-bezzecchi\/#breadcrumb","itemListElement":[{"@type":"ListItem","position":1,"name":"Bardahl","item":"https:\/\/www.bardahl.it\/en\/"},{"@type":"ListItem","position":2,"name":"Bardahl sul podio della MotoGP con Marco Bezzecchi"}]},{"@type":"WebSite","@id":"https:\/\/www.bardahl.it\/en\/#website","url":"https:\/\/www.bardahl.it\/en\/","name":"Bardahl","description":"Lubricants and additives for cars, motorbikes, boats","publisher":{"@id":"https:\/\/www.bardahl.it\/en\/#organization"},"alternateName":"Maroil Bardahl Italy","potentialAction":[{"@type":"SearchAction","target":{"@type":"EntryPoint","urlTemplate":"https:\/\/www.bardahl.it\/en\/?s={search_term_string}"},"query-input":"required name=search_term_string"}],"inLanguage":"it-IT"},{"@type":"Organization","@id":"https:\/\/www.bardahl.it\/en\/#organization","name":"Bardahl Italy","alternateName":"Bardahl Italy","url":"https:\/\/www.bardahl.it\/en\/","logo":{"@type":"ImageObject","inLanguage":"it-IT","@id":"https:\/\/www.bardahl.it\/en\/#\/schema\/logo\/image\/","url":"https:\/\/www.bardahl.it\/en\/wp-content\/uploads\/2023\/01\/bardahl-logo-social-scaled.jpg","contentUrl":"https:\/\/www.bardahl.it\/en\/wp-content\/uploads\/2023\/01\/bardahl-logo-social-scaled.jpg","width":2560,"height":2381,"caption":"Bardahl Italy"},"image":{"@id":"https:\/\/www.bardahl.it\/en\/#\/schema\/logo\/image\/"},"sameAs":["https:\/\/it-it.facebook.com\/bardahlitalia\/","https:\/\/www.instagram.com\/bardahlitalia\/"]},{"@type":"Person","@id":"https:\/\/www.bardahl.it\/en\/#\/schema\/person\/ce1fc8e3d071370711179a56ca075db2","name":"Bardahl","image":{"@type":"ImageObject","inLanguage":"it-IT","@id":"https:\/\/www.bardahl.it\/en\/#\/schema\/person\/image\/","url":"https:\/\/secure.gravatar.com\/avatar\/5203842a6f123c9d5b4e8fd179cda51f22ade262a1b9ff03828a96bdacdac2d4?s=96&d=mm&r=g","contentUrl":"https:\/\/secure.gravatar.com\/avatar\/5203842a6f123c9d5b4e8fd179cda51f22ade262a1b9ff03828a96bdacdac2d4?s=96&d=mm&r=g","caption":"Bardahl"},"sameAs":["https:\/\/www.bardahl.it\/en"]}]}},"_links":{"self":[{"href":"https:\/\/www.bardahl.it\/en\/wp-json\/wp\/v2\/posts\/1133","targetHints":{"allow":["GET"]}}],"collection":[{"href":"https:\/\/www.bardahl.it\/en\/wp-json\/wp\/v2\/posts"}],"about":[{"href":"https:\/\/www.bardahl.it\/en\/wp-json\/wp\/v2\/types\/post"}],"author":[{"embeddable":true,"href":"https:\/\/www.bardahl.it\/en\/wp-json\/wp\/v2\/users\/4"}],"replies":[{"embeddable":true,"href":"https:\/\/www.bardahl.it\/en\/wp-json\/wp\/v2\/comments?post=1133"}],"version-history":[{"count":1,"href":"https:\/\/www.bardahl.it\/en\/wp-json\/wp\/v2\/posts\/1133\/revisions"}],"predecessor-version":[{"id":1134,"href":"https:\/\/www.bardahl.it\/en\/wp-json\/wp\/v2\/posts\/1133\/revisions\/1134"}],"wp:featuredmedia":[{"embeddable":true,"href":"https:\/\/www.bardahl.it\/en\/wp-json\/wp\/v2\/media\/189"}],"wp:attachment":[{"href":"https:\/\/www.bardahl.it\/en\/wp-json\/wp\/v2\/media?parent=1133"}],"wp:term":[{"taxonomy":"category","embeddable":true,"href":"https:\/\/www.bardahl.it\/en\/wp-json\/wp\/v2\/categories?post=1133"},{"taxonomy":"post_tag","embeddable":true,"href":"https:\/\/www.bardahl.it\/en\/wp-json\/wp\/v2\/tags?post=1133"}],"curies":[{"name":"wp","href":"https:\/\/api.w.org\/{rel}","templated":true}]}}