{"id":1131,"date":"2022-08-02T21:17:31","date_gmt":"2022-08-02T19:17:31","guid":{"rendered":"https:\/\/www.bardahl.it\/en\/?p=1131"},"modified":"2022-09-21T21:19:32","modified_gmt":"2022-09-21T19:19:32","slug":"la-nuova-collezione-bardahl-in-anteprima-a-garage-51","status":"publish","type":"post","link":"https:\/\/www.bardahl.it\/en\/altro\/la-nuova-collezione-bardahl-in-anteprima-a-garage-51\/","title":{"rendered":"La nuova collezione Bardahl in anteprima a Garage 51"},"content":{"rendered":"<h2>Un\u2019inedita ed esclusiva linea di abbigliamento, proposta da Bardahl per quanti amano vestirsi con stile, originalit\u00e0 e qualit\u00e0, disponibile in anteprima presso l\u2019innovativo store Garage 51 all\u2019interno del Misano World Circuit \u201cMarco Simoncelli\u201d<\/h2>\n<div class=\"text-news\">\n<p><em>Altopascio (Lucca), 2 agosto 2022 \u2013 <\/em>Bardahl Italia, forte della costruttiva collaborazione che lega questo iconico brand di lubrificanti a Garage 51, ha deciso di esporre e mettere a disposizione &#8211; in anteprima e in esclusiva assoluta &#8211; la sua nuova collezione abbigliamento \u201cYour Free Wear\u201d proprio nell\u2019innovativo concept-store, ubicato nella Square del Misano World Circuit \u201cMarco Simoncelli\u201d.<\/p>\n<p>Si tratta di una collezione orientata al mondo fashion che attinge il proprio stile dalla cultura urbana, con geometrie e grafiche pulite e inconfondibili richiami vintage collegati alla storia del brand.<\/p>\n<p>Una vera e propria \u201cpreview\u201d in esclusiva per le migliaia di appassionati che visiteranno Garage 51 nel periodo estivo \u2013 compreso il week end della gara MotoGP del 4 settembre &#8211; per vedere, toccare con mano e apprezzare, queste nuove proposte realizzate da Bardahl. Un marchio accattivante, assolutamente cool e fortemente evocativo per quanto riguarda passione ed eccellenza nel mondo dei motori e del racing, da oggi un nuovo modo di interpretare e vivere con stile e originalit\u00e0 anche il tempo libero.<\/p>\n<p>La nuova collezione, sviluppata in collaborazione con VR46, viene presentata con un corner espositivo appositamente dedicato. Al momento \u00e8 composta da tre diverse proposte di t-shirt, due felpe, un giubbino raincoat, due cappellini con grafiche e colori differenti e un cappellino lana. Il design di ogni singolo capo, e i materiali selezionati e di alta qualit\u00e0, confermano la ricerca dell\u2019eccellenza che Bardahl ha dedicato anche a questa linea, garanzia della qualit\u00e0, innovazione ed originalit\u00e0 che ha sempre caratterizzato ogni singolo prodotto proposto con questo storico marchio.<\/p>\n<p>I capi della nuova collezione abbigliamento Bardahl, fino a tutto settembre, si potranno vedere ed acquistare solo presso Garage 51 a Misano. A seguire verranno selezionati ulteriori punti vendita, sia nel mondo moto ma anche in contesti pi\u00f9 fashion, cos\u00ec come sar\u00e0 attivo un sito di e-commerce dedicato.<\/p>\n<\/div>\n","protected":false},"excerpt":{"rendered":"<p>Un\u2019inedita ed esclusiva linea di abbigliamento, proposta da Bardahl per quanti amano vestirsi con stile, originalit\u00e0 e qualit\u00e0, disponibile in anteprima presso l\u2019innovativo store Garage 51 all\u2019interno del Misano World Circuit \u201cMarco Simoncelli\u201d Altopascio (Lucca), 2 agosto 2022 \u2013 Bardahl Italia, forte della costruttiva collaborazione che lega questo iconico brand di lubrificanti a Garage 51,&#8230;<\/p>\n","protected":false},"author":4,"featured_media":189,"comment_status":"open","ping_status":"open","sticky":false,"template":"","format":"standard","meta":{"inline_featured_image":false,"footnotes":""},"categories":[1],"tags":[],"class_list":["post-1131","post","type-post","status-publish","format-standard","has-post-thumbnail","hentry","category-altro"],"yoast_head":"<!-- This site is optimized with the Yoast SEO plugin v23.0 - https:\/\/yoast.com\/wordpress\/plugins\/seo\/ -->\n<title>La nuova collezione Bardahl in anteprima a Garage 51 | Bardahl Italia<\/title>\n<meta name=\"description\" content=\"Un\u2019inedita ed esclusiva linea di abbigliamento, proposta da Bardahl per quanti amano vestirsi con stile, originalit\u00e0 e qualit\u00e0, disponibile in anteprima\" \/>\n<meta name=\"robots\" content=\"index, follow, max-snippet:-1, max-image-preview:large, max-video-preview:-1\" \/>\n<link rel=\"canonical\" href=\"https:\/\/www.bardahl.it\/en\/altro\/la-nuova-collezione-bardahl-in-anteprima-a-garage-51\/\" \/>\n<meta property=\"og:locale\" content=\"it_IT\" \/>\n<meta property=\"og:type\" content=\"article\" \/>\n<meta property=\"og:title\" content=\"La nuova collezione Bardahl in anteprima a Garage 51 | Bardahl Italia\" \/>\n<meta property=\"og:description\" content=\"Un\u2019inedita ed esclusiva linea di abbigliamento, proposta da Bardahl per quanti amano vestirsi con stile, originalit\u00e0 e qualit\u00e0, disponibile in anteprima\" \/>\n<meta property=\"og:url\" content=\"https:\/\/www.bardahl.it\/en\/altro\/la-nuova-collezione-bardahl-in-anteprima-a-garage-51\/\" \/>\n<meta property=\"og:site_name\" content=\"Bardahl\" \/>\n<meta property=\"article:publisher\" content=\"https:\/\/it-it.facebook.com\/bardahlitalia\/\" \/>\n<meta property=\"article:published_time\" content=\"2022-08-02T19:17:31+00:00\" \/>\n<meta property=\"article:modified_time\" content=\"2022-09-21T19:19:32+00:00\" \/>\n<meta property=\"og:image\" content=\"https:\/\/www.bardahl.it\/en\/wp-content\/uploads\/2022\/09\/test-placeholder.jpg\" \/>\n\t<meta property=\"og:image:width\" content=\"1920\" \/>\n\t<meta property=\"og:image:height\" content=\"1440\" \/>\n\t<meta property=\"og:image:type\" content=\"image\/jpeg\" \/>\n<meta name=\"author\" content=\"Bardahl\" \/>\n<meta name=\"twitter:card\" content=\"summary_large_image\" \/>\n<script type=\"application\/ld+json\" class=\"yoast-schema-graph\">{\"@context\":\"https:\/\/schema.org\",\"@graph\":[{\"@type\":\"Article\",\"@id\":\"https:\/\/www.bardahl.it\/en\/altro\/la-nuova-collezione-bardahl-in-anteprima-a-garage-51\/#article\",\"isPartOf\":{\"@id\":\"https:\/\/www.bardahl.it\/en\/altro\/la-nuova-collezione-bardahl-in-anteprima-a-garage-51\/\"},\"author\":{\"name\":\"Bardahl\",\"@id\":\"https:\/\/www.bardahl.it\/en\/#\/schema\/person\/ce1fc8e3d071370711179a56ca075db2\"},\"headline\":\"La nuova collezione Bardahl in anteprima a Garage 51\",\"datePublished\":\"2022-08-02T19:17:31+00:00\",\"dateModified\":\"2022-09-21T19:19:32+00:00\",\"mainEntityOfPage\":{\"@id\":\"https:\/\/www.bardahl.it\/en\/altro\/la-nuova-collezione-bardahl-in-anteprima-a-garage-51\/\"},\"wordCount\":341,\"commentCount\":0,\"publisher\":{\"@id\":\"https:\/\/www.bardahl.it\/en\/#organization\"},\"image\":{\"@id\":\"https:\/\/www.bardahl.it\/en\/altro\/la-nuova-collezione-bardahl-in-anteprima-a-garage-51\/#primaryimage\"},\"thumbnailUrl\":\"https:\/\/www.bardahl.it\/en\/wp-content\/uploads\/2022\/09\/test-placeholder.jpg\",\"articleSection\":[\"Altro\"],\"inLanguage\":\"it-IT\",\"potentialAction\":[{\"@type\":\"CommentAction\",\"name\":\"Comment\",\"target\":[\"https:\/\/www.bardahl.it\/en\/altro\/la-nuova-collezione-bardahl-in-anteprima-a-garage-51\/#respond\"]}]},{\"@type\":\"WebPage\",\"@id\":\"https:\/\/www.bardahl.it\/en\/altro\/la-nuova-collezione-bardahl-in-anteprima-a-garage-51\/\",\"url\":\"https:\/\/www.bardahl.it\/en\/altro\/la-nuova-collezione-bardahl-in-anteprima-a-garage-51\/\",\"name\":\"La nuova collezione Bardahl in anteprima a Garage 51 | Bardahl Italia\",\"isPartOf\":{\"@id\":\"https:\/\/www.bardahl.it\/en\/#website\"},\"primaryImageOfPage\":{\"@id\":\"https:\/\/www.bardahl.it\/en\/altro\/la-nuova-collezione-bardahl-in-anteprima-a-garage-51\/#primaryimage\"},\"image\":{\"@id\":\"https:\/\/www.bardahl.it\/en\/altro\/la-nuova-collezione-bardahl-in-anteprima-a-garage-51\/#primaryimage\"},\"thumbnailUrl\":\"https:\/\/www.bardahl.it\/en\/wp-content\/uploads\/2022\/09\/test-placeholder.jpg\",\"datePublished\":\"2022-08-02T19:17:31+00:00\",\"dateModified\":\"2022-09-21T19:19:32+00:00\",\"description\":\"Un\u2019inedita ed esclusiva linea di abbigliamento, proposta da Bardahl per quanti amano vestirsi con stile, originalit\u00e0 e qualit\u00e0, disponibile in anteprima\",\"breadcrumb\":{\"@id\":\"https:\/\/www.bardahl.it\/en\/altro\/la-nuova-collezione-bardahl-in-anteprima-a-garage-51\/#breadcrumb\"},\"inLanguage\":\"it-IT\",\"potentialAction\":[{\"@type\":\"ReadAction\",\"target\":[\"https:\/\/www.bardahl.it\/en\/altro\/la-nuova-collezione-bardahl-in-anteprima-a-garage-51\/\"]}]},{\"@type\":\"ImageObject\",\"inLanguage\":\"it-IT\",\"@id\":\"https:\/\/www.bardahl.it\/en\/altro\/la-nuova-collezione-bardahl-in-anteprima-a-garage-51\/#primaryimage\",\"url\":\"https:\/\/www.bardahl.it\/en\/wp-content\/uploads\/2022\/09\/test-placeholder.jpg\",\"contentUrl\":\"https:\/\/www.bardahl.it\/en\/wp-content\/uploads\/2022\/09\/test-placeholder.jpg\",\"width\":1920,\"height\":1440},{\"@type\":\"BreadcrumbList\",\"@id\":\"https:\/\/www.bardahl.it\/en\/altro\/la-nuova-collezione-bardahl-in-anteprima-a-garage-51\/#breadcrumb\",\"itemListElement\":[{\"@type\":\"ListItem\",\"position\":1,\"name\":\"Bardahl\",\"item\":\"https:\/\/www.bardahl.it\/en\/\"},{\"@type\":\"ListItem\",\"position\":2,\"name\":\"La nuova collezione Bardahl in anteprima a Garage 51\"}]},{\"@type\":\"WebSite\",\"@id\":\"https:\/\/www.bardahl.it\/en\/#website\",\"url\":\"https:\/\/www.bardahl.it\/en\/\",\"name\":\"Bardahl\",\"description\":\"Lubricants and additives for cars, motorbikes, boats\",\"publisher\":{\"@id\":\"https:\/\/www.bardahl.it\/en\/#organization\"},\"alternateName\":\"Maroil Bardahl Italy\",\"potentialAction\":[{\"@type\":\"SearchAction\",\"target\":{\"@type\":\"EntryPoint\",\"urlTemplate\":\"https:\/\/www.bardahl.it\/en\/?s={search_term_string}\"},\"query-input\":\"required name=search_term_string\"}],\"inLanguage\":\"it-IT\"},{\"@type\":\"Organization\",\"@id\":\"https:\/\/www.bardahl.it\/en\/#organization\",\"name\":\"Bardahl Italy\",\"alternateName\":\"Bardahl Italy\",\"url\":\"https:\/\/www.bardahl.it\/en\/\",\"logo\":{\"@type\":\"ImageObject\",\"inLanguage\":\"it-IT\",\"@id\":\"https:\/\/www.bardahl.it\/en\/#\/schema\/logo\/image\/\",\"url\":\"https:\/\/www.bardahl.it\/en\/wp-content\/uploads\/2023\/01\/bardahl-logo-social-scaled.jpg\",\"contentUrl\":\"https:\/\/www.bardahl.it\/en\/wp-content\/uploads\/2023\/01\/bardahl-logo-social-scaled.jpg\",\"width\":2560,\"height\":2381,\"caption\":\"Bardahl Italy\"},\"image\":{\"@id\":\"https:\/\/www.bardahl.it\/en\/#\/schema\/logo\/image\/\"},\"sameAs\":[\"https:\/\/it-it.facebook.com\/bardahlitalia\/\",\"https:\/\/www.instagram.com\/bardahlitalia\/\"]},{\"@type\":\"Person\",\"@id\":\"https:\/\/www.bardahl.it\/en\/#\/schema\/person\/ce1fc8e3d071370711179a56ca075db2\",\"name\":\"Bardahl\",\"image\":{\"@type\":\"ImageObject\",\"inLanguage\":\"it-IT\",\"@id\":\"https:\/\/www.bardahl.it\/en\/#\/schema\/person\/image\/\",\"url\":\"https:\/\/secure.gravatar.com\/avatar\/5203842a6f123c9d5b4e8fd179cda51f22ade262a1b9ff03828a96bdacdac2d4?s=96&d=mm&r=g\",\"contentUrl\":\"https:\/\/secure.gravatar.com\/avatar\/5203842a6f123c9d5b4e8fd179cda51f22ade262a1b9ff03828a96bdacdac2d4?s=96&d=mm&r=g\",\"caption\":\"Bardahl\"},\"sameAs\":[\"https:\/\/www.bardahl.it\/en\"]}]}<\/script>\n<!-- \/ Yoast SEO plugin. -->","yoast_head_json":{"title":"La nuova collezione Bardahl in anteprima a Garage 51 | Bardahl Italia","description":"Un\u2019inedita ed esclusiva linea di abbigliamento, proposta da Bardahl per quanti amano vestirsi con stile, originalit\u00e0 e qualit\u00e0, disponibile in anteprima","robots":{"index":"index","follow":"follow","max-snippet":"max-snippet:-1","max-image-preview":"max-image-preview:large","max-video-preview":"max-video-preview:-1"},"canonical":"https:\/\/www.bardahl.it\/en\/altro\/la-nuova-collezione-bardahl-in-anteprima-a-garage-51\/","og_locale":"it_IT","og_type":"article","og_title":"La nuova collezione Bardahl in anteprima a Garage 51 | Bardahl Italia","og_description":"Un\u2019inedita ed esclusiva linea di abbigliamento, proposta da Bardahl per quanti amano vestirsi con stile, originalit\u00e0 e qualit\u00e0, disponibile in anteprima","og_url":"https:\/\/www.bardahl.it\/en\/altro\/la-nuova-collezione-bardahl-in-anteprima-a-garage-51\/","og_site_name":"Bardahl","article_publisher":"https:\/\/it-it.facebook.com\/bardahlitalia\/","article_published_time":"2022-08-02T19:17:31+00:00","article_modified_time":"2022-09-21T19:19:32+00:00","og_image":[{"width":1920,"height":1440,"url":"https:\/\/www.bardahl.it\/en\/wp-content\/uploads\/2022\/09\/test-placeholder.jpg","type":"image\/jpeg"}],"author":"Bardahl","twitter_card":"summary_large_image","schema":{"@context":"https:\/\/schema.org","@graph":[{"@type":"Article","@id":"https:\/\/www.bardahl.it\/en\/altro\/la-nuova-collezione-bardahl-in-anteprima-a-garage-51\/#article","isPartOf":{"@id":"https:\/\/www.bardahl.it\/en\/altro\/la-nuova-collezione-bardahl-in-anteprima-a-garage-51\/"},"author":{"name":"Bardahl","@id":"https:\/\/www.bardahl.it\/en\/#\/schema\/person\/ce1fc8e3d071370711179a56ca075db2"},"headline":"La nuova collezione Bardahl in anteprima a Garage 51","datePublished":"2022-08-02T19:17:31+00:00","dateModified":"2022-09-21T19:19:32+00:00","mainEntityOfPage":{"@id":"https:\/\/www.bardahl.it\/en\/altro\/la-nuova-collezione-bardahl-in-anteprima-a-garage-51\/"},"wordCount":341,"commentCount":0,"publisher":{"@id":"https:\/\/www.bardahl.it\/en\/#organization"},"image":{"@id":"https:\/\/www.bardahl.it\/en\/altro\/la-nuova-collezione-bardahl-in-anteprima-a-garage-51\/#primaryimage"},"thumbnailUrl":"https:\/\/www.bardahl.it\/en\/wp-content\/uploads\/2022\/09\/test-placeholder.jpg","articleSection":["Altro"],"inLanguage":"it-IT","potentialAction":[{"@type":"CommentAction","name":"Comment","target":["https:\/\/www.bardahl.it\/en\/altro\/la-nuova-collezione-bardahl-in-anteprima-a-garage-51\/#respond"]}]},{"@type":"WebPage","@id":"https:\/\/www.bardahl.it\/en\/altro\/la-nuova-collezione-bardahl-in-anteprima-a-garage-51\/","url":"https:\/\/www.bardahl.it\/en\/altro\/la-nuova-collezione-bardahl-in-anteprima-a-garage-51\/","name":"La nuova collezione Bardahl in anteprima a Garage 51 | Bardahl Italia","isPartOf":{"@id":"https:\/\/www.bardahl.it\/en\/#website"},"primaryImageOfPage":{"@id":"https:\/\/www.bardahl.it\/en\/altro\/la-nuova-collezione-bardahl-in-anteprima-a-garage-51\/#primaryimage"},"image":{"@id":"https:\/\/www.bardahl.it\/en\/altro\/la-nuova-collezione-bardahl-in-anteprima-a-garage-51\/#primaryimage"},"thumbnailUrl":"https:\/\/www.bardahl.it\/en\/wp-content\/uploads\/2022\/09\/test-placeholder.jpg","datePublished":"2022-08-02T19:17:31+00:00","dateModified":"2022-09-21T19:19:32+00:00","description":"Un\u2019inedita ed esclusiva linea di abbigliamento, proposta da Bardahl per quanti amano vestirsi con stile, originalit\u00e0 e qualit\u00e0, disponibile in anteprima","breadcrumb":{"@id":"https:\/\/www.bardahl.it\/en\/altro\/la-nuova-collezione-bardahl-in-anteprima-a-garage-51\/#breadcrumb"},"inLanguage":"it-IT","potentialAction":[{"@type":"ReadAction","target":["https:\/\/www.bardahl.it\/en\/altro\/la-nuova-collezione-bardahl-in-anteprima-a-garage-51\/"]}]},{"@type":"ImageObject","inLanguage":"it-IT","@id":"https:\/\/www.bardahl.it\/en\/altro\/la-nuova-collezione-bardahl-in-anteprima-a-garage-51\/#primaryimage","url":"https:\/\/www.bardahl.it\/en\/wp-content\/uploads\/2022\/09\/test-placeholder.jpg","contentUrl":"https:\/\/www.bardahl.it\/en\/wp-content\/uploads\/2022\/09\/test-placeholder.jpg","width":1920,"height":1440},{"@type":"BreadcrumbList","@id":"https:\/\/www.bardahl.it\/en\/altro\/la-nuova-collezione-bardahl-in-anteprima-a-garage-51\/#breadcrumb","itemListElement":[{"@type":"ListItem","position":1,"name":"Bardahl","item":"https:\/\/www.bardahl.it\/en\/"},{"@type":"ListItem","position":2,"name":"La nuova collezione Bardahl in anteprima a Garage 51"}]},{"@type":"WebSite","@id":"https:\/\/www.bardahl.it\/en\/#website","url":"https:\/\/www.bardahl.it\/en\/","name":"Bardahl","description":"Lubricants and additives for cars, motorbikes, boats","publisher":{"@id":"https:\/\/www.bardahl.it\/en\/#organization"},"alternateName":"Maroil Bardahl Italy","potentialAction":[{"@type":"SearchAction","target":{"@type":"EntryPoint","urlTemplate":"https:\/\/www.bardahl.it\/en\/?s={search_term_string}"},"query-input":"required name=search_term_string"}],"inLanguage":"it-IT"},{"@type":"Organization","@id":"https:\/\/www.bardahl.it\/en\/#organization","name":"Bardahl Italy","alternateName":"Bardahl Italy","url":"https:\/\/www.bardahl.it\/en\/","logo":{"@type":"ImageObject","inLanguage":"it-IT","@id":"https:\/\/www.bardahl.it\/en\/#\/schema\/logo\/image\/","url":"https:\/\/www.bardahl.it\/en\/wp-content\/uploads\/2023\/01\/bardahl-logo-social-scaled.jpg","contentUrl":"https:\/\/www.bardahl.it\/en\/wp-content\/uploads\/2023\/01\/bardahl-logo-social-scaled.jpg","width":2560,"height":2381,"caption":"Bardahl Italy"},"image":{"@id":"https:\/\/www.bardahl.it\/en\/#\/schema\/logo\/image\/"},"sameAs":["https:\/\/it-it.facebook.com\/bardahlitalia\/","https:\/\/www.instagram.com\/bardahlitalia\/"]},{"@type":"Person","@id":"https:\/\/www.bardahl.it\/en\/#\/schema\/person\/ce1fc8e3d071370711179a56ca075db2","name":"Bardahl","image":{"@type":"ImageObject","inLanguage":"it-IT","@id":"https:\/\/www.bardahl.it\/en\/#\/schema\/person\/image\/","url":"https:\/\/secure.gravatar.com\/avatar\/5203842a6f123c9d5b4e8fd179cda51f22ade262a1b9ff03828a96bdacdac2d4?s=96&d=mm&r=g","contentUrl":"https:\/\/secure.gravatar.com\/avatar\/5203842a6f123c9d5b4e8fd179cda51f22ade262a1b9ff03828a96bdacdac2d4?s=96&d=mm&r=g","caption":"Bardahl"},"sameAs":["https:\/\/www.bardahl.it\/en"]}]}},"_links":{"self":[{"href":"https:\/\/www.bardahl.it\/en\/wp-json\/wp\/v2\/posts\/1131","targetHints":{"allow":["GET"]}}],"collection":[{"href":"https:\/\/www.bardahl.it\/en\/wp-json\/wp\/v2\/posts"}],"about":[{"href":"https:\/\/www.bardahl.it\/en\/wp-json\/wp\/v2\/types\/post"}],"author":[{"embeddable":true,"href":"https:\/\/www.bardahl.it\/en\/wp-json\/wp\/v2\/users\/4"}],"replies":[{"embeddable":true,"href":"https:\/\/www.bardahl.it\/en\/wp-json\/wp\/v2\/comments?post=1131"}],"version-history":[{"count":1,"href":"https:\/\/www.bardahl.it\/en\/wp-json\/wp\/v2\/posts\/1131\/revisions"}],"predecessor-version":[{"id":1132,"href":"https:\/\/www.bardahl.it\/en\/wp-json\/wp\/v2\/posts\/1131\/revisions\/1132"}],"wp:featuredmedia":[{"embeddable":true,"href":"https:\/\/www.bardahl.it\/en\/wp-json\/wp\/v2\/media\/189"}],"wp:attachment":[{"href":"https:\/\/www.bardahl.it\/en\/wp-json\/wp\/v2\/media?parent=1131"}],"wp:term":[{"taxonomy":"category","embeddable":true,"href":"https:\/\/www.bardahl.it\/en\/wp-json\/wp\/v2\/categories?post=1131"},{"taxonomy":"post_tag","embeddable":true,"href":"https:\/\/www.bardahl.it\/en\/wp-json\/wp\/v2\/tags?post=1131"}],"curies":[{"name":"wp","href":"https:\/\/api.w.org\/{rel}","templated":true}]}}